{"id":919,"date":"2022-07-20T23:59:45","date_gmt":"2022-07-20T23:59:45","guid":{"rendered":"https:\/\/allylatinx.com\/?p=919"},"modified":"2024-09-17T08:31:03","modified_gmt":"2024-09-17T08:31:03","slug":"the-powers-of-osinergmin-to-the-general-directorate-of-electricity-minem","status":"publish","type":"post","link":"https:\/\/allylatinx.com\/pt\/the-powers-of-osinergmin-to-the-general-directorate-of-electricity-minem\/","title":{"rendered":"As Faculdades da OSINERGMIN Como Administra\u00e7\u00e3o Fiscal das Contribui\u00e7\u00f5es Para a Direc\u00e7\u00e3o Geral de Electricidade do MINEM"},"content":{"rendered":"<p>No artigo seguinte, Luisa Peralta Aquino, associada da Santiv\u00e1\u00f1ez Abogados, distingue entre as compet\u00eancias da Ag\u00eancia Supervisora \u200b\u200bde Investimentos em Energia e Minera\u00e7\u00e3o (OSINERGMIN) e do Minist\u00e9rio de Energia e Minas (MINEM), no que diz respeito \u00e0 cobran\u00e7a de contribui\u00e7\u00f5es fiscais realizadas pelas empresas do setor el\u00e9trico. <a href=\"https:\/\/www.linkedin.com\/posts\/santiv\u00e1\u00f1ez-abogados_las-facultades-de-osinergmin-como-administraci\u00f3n-activity-6953727257949450240-Iq1V\/?utm_source=linkedin_share&amp;utm_medium=member_desktop_web\" target=\"_blank\" rel=\"noopener\">MAIS<\/a><\/p>","protected":false},"excerpt":{"rendered":"<p>No artigo a seguir, Luisa Peralta Aquino, s\u00f3cia da Santiv\u00e1\u00f1ez Abogados, distingue entre as compet\u00eancias da Ag\u00eancia Supervisora de Investimentos em Energia e Minera\u00e7\u00e3o (OSINERGMIN) e do Minist\u00e9rio de Energia e Minas (MINEM), no que diz respeito \u00e0 cobran\u00e7a de contribui\u00e7\u00f5es fiscais feitas pelas empresas do setor el\u00e9trico. MAIS<\/p>","protected":false},"author":1,"featured_media":0,"comment_status":"open","ping_status":"open","sticky":false,"template":"","format":"standard","meta":{"_acf_changed":false,"footnotes":""},"categories":[21],"tags":[44,32],"class_list":["post-919","post","type-post","status-publish","format-standard","hentry","category-santivanez-abogados","tag-peru","tag-santivanez-abogados"],"acf":[],"_links":{"self":[{"href":"https:\/\/allylatinx.com\/pt\/wp-json\/wp\/v2\/posts\/919","targetHints":{"allow":["GET"]}}],"collection":[{"href":"https:\/\/allylatinx.com\/pt\/wp-json\/wp\/v2\/posts"}],"about":[{"href":"https:\/\/allylatinx.com\/pt\/wp-json\/wp\/v2\/types\/post"}],"author":[{"embeddable":true,"href":"https:\/\/allylatinx.com\/pt\/wp-json\/wp\/v2\/users\/1"}],"replies":[{"embeddable":true,"href":"https:\/\/allylatinx.com\/pt\/wp-json\/wp\/v2\/comments?post=919"}],"version-history":[{"count":0,"href":"https:\/\/allylatinx.com\/pt\/wp-json\/wp\/v2\/posts\/919\/revisions"}],"wp:attachment":[{"href":"https:\/\/allylatinx.com\/pt\/wp-json\/wp\/v2\/media?parent=919"}],"wp:term":[{"taxonomy":"category","embeddable":true,"href":"https:\/\/allylatinx.com\/pt\/wp-json\/wp\/v2\/categories?post=919"},{"taxonomy":"post_tag","embeddable":true,"href":"https:\/\/allylatinx.com\/pt\/wp-json\/wp\/v2\/tags?post=919"}],"curies":[{"name":"wp","href":"https:\/\/api.w.org\/{rel}","templated":true}]}}