{"id":367,"date":"2021-06-11T17:00:46","date_gmt":"2021-06-11T17:00:46","guid":{"rendered":"https:\/\/allylatinx.com\/?p=367"},"modified":"2021-06-23T08:08:15","modified_gmt":"2021-06-23T08:08:15","slug":"creation-of-the-training-program-in-gender-and-diversity-perspective-for-the-private-sector-form-equality","status":"publish","type":"post","link":"https:\/\/allylatinx.com\/pt\/creation-of-the-training-program-in-gender-and-diversity-perspective-for-the-private-sector-form-equality\/","title":{"rendered":"Cria\u00e7\u00e3o do Programa de Capacita\u00e7\u00e3o em G\u00eanero e Diversidade para o Setor Privado: Para Formar Igualdade"},"content":{"rendered":"<p>Em 11 de junho de 2021, foi publicada no Di\u00e1rio Oficial da Na\u00e7\u00e3o a Resolu\u00e7\u00e3o 254\/2021 do Minist\u00e9rio da Mulher, G\u00eanero e Diversidade, criando um Programa de Capacita\u00e7\u00e3o em Perspectiva de G\u00eanero e Diversidade para o Setor Privado: \u201cForma Igualdade\u201d. <a href=\"https:\/\/rctzz.com.ar\/creacion-del-programa-de-capacitacion-en-perspectiva-de-genero-y-diversidad-para-el-sector-privado-formar-igualdad\/\" target=\"_blank\" rel=\"noopener\">MAIS<\/a>.<\/p>","protected":false},"excerpt":{"rendered":"<p>Em 11 de junho de 2021, foi publicada no Di\u00e1rio Oficial da Na\u00e7\u00e3o a Resolu\u00e7\u00e3o 254\/2021 do Minist\u00e9rio da Mulher, G\u00eanero e Diversidade, criando um Programa de Capacita\u00e7\u00e3o em Perspectiva de G\u00eanero e Diversidade para o Setor Privado: \u201cForma Igualdade\u201d. MAIS.<\/p>","protected":false},"author":1,"featured_media":0,"comment_status":"open","ping_status":"open","sticky":false,"template":"","format":"standard","meta":{"_acf_changed":false,"footnotes":""},"categories":[10],"tags":[],"class_list":["post-367","post","type-post","status-publish","format-standard","hentry","category-richards-cardinal-tutzer-zabala-zaefferer"],"acf":[],"_links":{"self":[{"href":"https:\/\/allylatinx.com\/pt\/wp-json\/wp\/v2\/posts\/367","targetHints":{"allow":["GET"]}}],"collection":[{"href":"https:\/\/allylatinx.com\/pt\/wp-json\/wp\/v2\/posts"}],"about":[{"href":"https:\/\/allylatinx.com\/pt\/wp-json\/wp\/v2\/types\/post"}],"author":[{"embeddable":true,"href":"https:\/\/allylatinx.com\/pt\/wp-json\/wp\/v2\/users\/1"}],"replies":[{"embeddable":true,"href":"https:\/\/allylatinx.com\/pt\/wp-json\/wp\/v2\/comments?post=367"}],"version-history":[{"count":0,"href":"https:\/\/allylatinx.com\/pt\/wp-json\/wp\/v2\/posts\/367\/revisions"}],"wp:attachment":[{"href":"https:\/\/allylatinx.com\/pt\/wp-json\/wp\/v2\/media?parent=367"}],"wp:term":[{"taxonomy":"category","embeddable":true,"href":"https:\/\/allylatinx.com\/pt\/wp-json\/wp\/v2\/categories?post=367"},{"taxonomy":"post_tag","embeddable":true,"href":"https:\/\/allylatinx.com\/pt\/wp-json\/wp\/v2\/tags?post=367"}],"curies":[{"name":"wp","href":"https:\/\/api.w.org\/{rel}","templated":true}]}}