{"id":357,"date":"2021-05-24T16:23:33","date_gmt":"2021-05-24T16:23:33","guid":{"rendered":"https:\/\/allylatinx.com\/?p=357"},"modified":"2021-06-23T08:10:49","modified_gmt":"2021-06-23T08:10:49","slug":"they-ask-to-regulate-informal-renting-context-chiles-supreme-court-filed-suit-against-residential-apartment-owners-who-are-renters-through-digital-platforms-such-as-airbnb","status":"publish","type":"post","link":"https:\/\/allylatinx.com\/pt\/they-ask-to-regulate-informal-renting-context-chiles-supreme-court-filed-suit-against-residential-apartment-owners-who-are-renters-through-digital-platforms-such-as-airbnb\/","title":{"rendered":"Eles pedem para regulamentar o aluguel informal (contexto: a Suprema Corte do Chile entrou com uma a\u00e7\u00e3o contra propriet\u00e1rios de apartamentos residenciais que s\u00e3o locat\u00e1rios por meio de plataformas digitais como o Airbnb)"},"content":{"rendered":"<p>Nossa advogada digital Magdalena Fabres foi entrevistada na CNN Chile sobre a recente decis\u00e3o da Suprema Corte que pro\u00edbe a subloca\u00e7\u00e3o de apartamentos por seus propriet\u00e1rios por meio de plataformas da web em um caso espec\u00edfico. <a href=\"https:\/\/www.linkedin.com\/feed\/update\/urn:li:activity:6802608162852737024\" target=\"_blank\" rel=\"noopener\">MAIS<\/a>.<\/p>","protected":false},"excerpt":{"rendered":"<p>Nossa advogada digital Magdalena Fabres foi entrevistada na CNN Chile sobre a recente decis\u00e3o da Suprema Corte que pro\u00edbe a subloca\u00e7\u00e3o de apartamentos por seus propriet\u00e1rios por meio de plataformas web em um caso particular. MAIS.<\/p>","protected":false},"author":1,"featured_media":0,"comment_status":"open","ping_status":"open","sticky":false,"template":"","format":"standard","meta":{"_acf_changed":false,"footnotes":""},"categories":[19],"tags":[],"class_list":["post-357","post","type-post","status-publish","format-standard","hentry","category-arteaga-gorziglia"],"acf":[],"_links":{"self":[{"href":"https:\/\/allylatinx.com\/pt\/wp-json\/wp\/v2\/posts\/357","targetHints":{"allow":["GET"]}}],"collection":[{"href":"https:\/\/allylatinx.com\/pt\/wp-json\/wp\/v2\/posts"}],"about":[{"href":"https:\/\/allylatinx.com\/pt\/wp-json\/wp\/v2\/types\/post"}],"author":[{"embeddable":true,"href":"https:\/\/allylatinx.com\/pt\/wp-json\/wp\/v2\/users\/1"}],"replies":[{"embeddable":true,"href":"https:\/\/allylatinx.com\/pt\/wp-json\/wp\/v2\/comments?post=357"}],"version-history":[{"count":0,"href":"https:\/\/allylatinx.com\/pt\/wp-json\/wp\/v2\/posts\/357\/revisions"}],"wp:attachment":[{"href":"https:\/\/allylatinx.com\/pt\/wp-json\/wp\/v2\/media?parent=357"}],"wp:term":[{"taxonomy":"category","embeddable":true,"href":"https:\/\/allylatinx.com\/pt\/wp-json\/wp\/v2\/categories?post=357"},{"taxonomy":"post_tag","embeddable":true,"href":"https:\/\/allylatinx.com\/pt\/wp-json\/wp\/v2\/tags?post=357"}],"curies":[{"name":"wp","href":"https:\/\/api.w.org\/{rel}","templated":true}]}}