{"id":1398,"date":"2024-12-05T19:00:43","date_gmt":"2024-12-05T19:00:43","guid":{"rendered":"https:\/\/allylatinx.com\/?p=1398"},"modified":"2024-12-05T20:27:55","modified_gmt":"2024-12-05T20:27:55","slug":"appointment-of-santiago-portaluppi-as-director-of-arteaga-gorziglia","status":"publish","type":"post","link":"https:\/\/allylatinx.com\/pt\/appointment-of-santiago-portaluppi-as-director-of-arteaga-gorziglia\/","title":{"rendered":"Arteaga Gorziglia nomeia novo diretor"},"content":{"rendered":"<p>Parab\u00e9ns a Santiago Portaluppi Fern\u00e1ndez por sua nomea\u00e7\u00e3o como novo Diretor da \u00c1rea de \u201cDireito Regulat\u00f3rio e Contencioso Administrativo\u201d do Arteaga Gorziglia.<\/p>","protected":false},"excerpt":{"rendered":"<p>Parab\u00e9ns a Santiago Portaluppi Fern\u00e1ndez por sua nomea\u00e7\u00e3o como novo Diretor da \u00c1rea de \u201cDireito Regulat\u00f3rio e Contencioso Administrativo\u201d do Arteaga Gorziglia.<\/p>","protected":false},"author":1,"featured_media":0,"comment_status":"open","ping_status":"open","sticky":false,"template":"","format":"standard","meta":{"_acf_changed":false,"footnotes":""},"categories":[19],"tags":[],"class_list":["post-1398","post","type-post","status-publish","format-standard","hentry","category-arteaga-gorziglia"],"acf":[],"_links":{"self":[{"href":"https:\/\/allylatinx.com\/pt\/wp-json\/wp\/v2\/posts\/1398","targetHints":{"allow":["GET"]}}],"collection":[{"href":"https:\/\/allylatinx.com\/pt\/wp-json\/wp\/v2\/posts"}],"about":[{"href":"https:\/\/allylatinx.com\/pt\/wp-json\/wp\/v2\/types\/post"}],"author":[{"embeddable":true,"href":"https:\/\/allylatinx.com\/pt\/wp-json\/wp\/v2\/users\/1"}],"replies":[{"embeddable":true,"href":"https:\/\/allylatinx.com\/pt\/wp-json\/wp\/v2\/comments?post=1398"}],"version-history":[{"count":0,"href":"https:\/\/allylatinx.com\/pt\/wp-json\/wp\/v2\/posts\/1398\/revisions"}],"wp:attachment":[{"href":"https:\/\/allylatinx.com\/pt\/wp-json\/wp\/v2\/media?parent=1398"}],"wp:term":[{"taxonomy":"category","embeddable":true,"href":"https:\/\/allylatinx.com\/pt\/wp-json\/wp\/v2\/categories?post=1398"},{"taxonomy":"post_tag","embeddable":true,"href":"https:\/\/allylatinx.com\/pt\/wp-json\/wp\/v2\/tags?post=1398"}],"curies":[{"name":"wp","href":"https:\/\/api.w.org\/{rel}","templated":true}]}}