{"id":816,"date":"2022-04-27T12:43:00","date_gmt":"2022-04-27T12:43:00","guid":{"rendered":"https:\/\/allylatinx.com\/?p=816"},"modified":"2022-05-05T12:48:26","modified_gmt":"2022-05-05T12:48:26","slug":"816-2","status":"publish","type":"post","link":"https:\/\/allylatinx.com\/es\/816-2\/","title":{"rendered":"Tras Cr\u00edticas al Gobierno, STF Retoma An\u00e1lisis de Acciones del Paquete Verde"},"content":{"rendered":"<p>Nuestro socio en el \u00e1rea de Derecho Ambiental, Rafael Fernando Feldmann, colabor\u00f3 con un art\u00edculo de Metr\u00f3poles sobre la reanudaci\u00f3n de la votaci\u00f3n de demandas que forman parte del llamado \u201cpaquete verde\u201d, compuesto por siete acciones relacionadas con temas ambientales. <a href=\"https:\/\/www.linkedin.com\/feed\/update\/urn:li:activity:6925153867286355968\/\" target=\"_blank\" rel=\"noopener\">M\u00c1S<\/a><\/p>","protected":false},"excerpt":{"rendered":"<p>Nuestro socio en el \u00e1rea de Derecho Ambiental, Rafael Fernando Feldmann, colabor\u00f3 con un art\u00edculo de Metr\u00f3poles sobre la reanudaci\u00f3n de la votaci\u00f3n de demandas que forman parte del llamado \u201cpaquete verde\u201d, compuesto por siete acciones relacionadas con temas ambientales. M\u00c1S<\/p>","protected":false},"author":1,"featured_media":0,"comment_status":"open","ping_status":"open","sticky":false,"template":"","format":"standard","meta":{"_acf_changed":false,"footnotes":""},"categories":[18],"tags":[41,30],"class_list":["post-816","post","type-post","status-publish","format-standard","hentry","category-cascione-advogados","tag-brazil","tag-cascione-advogados"],"acf":[],"_links":{"self":[{"href":"https:\/\/allylatinx.com\/es\/wp-json\/wp\/v2\/posts\/816","targetHints":{"allow":["GET"]}}],"collection":[{"href":"https:\/\/allylatinx.com\/es\/wp-json\/wp\/v2\/posts"}],"about":[{"href":"https:\/\/allylatinx.com\/es\/wp-json\/wp\/v2\/types\/post"}],"author":[{"embeddable":true,"href":"https:\/\/allylatinx.com\/es\/wp-json\/wp\/v2\/users\/1"}],"replies":[{"embeddable":true,"href":"https:\/\/allylatinx.com\/es\/wp-json\/wp\/v2\/comments?post=816"}],"version-history":[{"count":0,"href":"https:\/\/allylatinx.com\/es\/wp-json\/wp\/v2\/posts\/816\/revisions"}],"wp:attachment":[{"href":"https:\/\/allylatinx.com\/es\/wp-json\/wp\/v2\/media?parent=816"}],"wp:term":[{"taxonomy":"category","embeddable":true,"href":"https:\/\/allylatinx.com\/es\/wp-json\/wp\/v2\/categories?post=816"},{"taxonomy":"post_tag","embeddable":true,"href":"https:\/\/allylatinx.com\/es\/wp-json\/wp\/v2\/tags?post=816"}],"curies":[{"name":"gracias","href":"https:\/\/api.w.org\/{rel}","templated":true}]}}