{"id":171,"date":"2021-05-06T09:12:41","date_gmt":"2021-05-06T09:12:41","guid":{"rendered":"https:\/\/allylatinx.com\/?p=171"},"modified":"2021-05-18T20:54:53","modified_gmt":"2021-05-18T20:54:53","slug":"2019-amendment-to-the-mexican-labor-law","status":"publish","type":"post","link":"https:\/\/allylatinx.com\/es\/2019-amendment-to-the-mexican-labor-law\/","title":{"rendered":"Reforma de 2019 a la Ley del Trabajo de M\u00e9xico"},"content":{"rendered":"<p>El proyecto de reforma a la Ley Federal del Trabajo (Ley) radicado el 22 de diciembre de 2018 en la C\u00e1mara de Representantes y aprobado el 29 de abril de 2019, ser\u00e1 publicado el 1 de mayo de 2019 e incluye las siguientes materias importantes <a href=\"https:\/\/allylatinx.com\/wp-content\/uploads\/2021\/05\/2019-Amendment-to-the-Mexican-Labor-Law.pdf\" target=\"_blank\" rel=\"noopener\">M\u00c1S<\/a>.<\/p>","protected":false},"excerpt":{"rendered":"<p>El proyecto de reforma a la Ley Federal del Trabajo (Ley) presentado el 22 de diciembre de 2018 en la C\u00e1mara de Representantes y aprobado el 29 de abril de 2019, ser\u00e1 publicado el 1 de mayo de 2019 e incluye los siguientes asuntos importantes M\u00c1S.<\/p>","protected":false},"author":1,"featured_media":0,"comment_status":"open","ping_status":"open","sticky":false,"template":"","format":"standard","meta":{"_acf_changed":false,"footnotes":""},"categories":[11],"tags":[31],"class_list":["post-171","post","type-post","status-publish","format-standard","hentry","category-cornejo-mendez-gonzalez-duarte","tag-cornejo-mendez-gonzalez-duarte"],"acf":[],"_links":{"self":[{"href":"https:\/\/allylatinx.com\/es\/wp-json\/wp\/v2\/posts\/171","targetHints":{"allow":["GET"]}}],"collection":[{"href":"https:\/\/allylatinx.com\/es\/wp-json\/wp\/v2\/posts"}],"about":[{"href":"https:\/\/allylatinx.com\/es\/wp-json\/wp\/v2\/types\/post"}],"author":[{"embeddable":true,"href":"https:\/\/allylatinx.com\/es\/wp-json\/wp\/v2\/users\/1"}],"replies":[{"embeddable":true,"href":"https:\/\/allylatinx.com\/es\/wp-json\/wp\/v2\/comments?post=171"}],"version-history":[{"count":0,"href":"https:\/\/allylatinx.com\/es\/wp-json\/wp\/v2\/posts\/171\/revisions"}],"wp:attachment":[{"href":"https:\/\/allylatinx.com\/es\/wp-json\/wp\/v2\/media?parent=171"}],"wp:term":[{"taxonomy":"category","embeddable":true,"href":"https:\/\/allylatinx.com\/es\/wp-json\/wp\/v2\/categories?post=171"},{"taxonomy":"post_tag","embeddable":true,"href":"https:\/\/allylatinx.com\/es\/wp-json\/wp\/v2\/tags?post=171"}],"curies":[{"name":"gracias","href":"https:\/\/api.w.org\/{rel}","templated":true}]}}