{"id":1409,"date":"2024-12-27T18:02:14","date_gmt":"2024-12-27T18:02:14","guid":{"rendered":"https:\/\/allylatinx.com\/?p=1409"},"modified":"2025-01-07T18:03:57","modified_gmt":"2025-01-07T18:03:57","slug":"new-un-convention-on-cybercrime","status":"publish","type":"post","link":"https:\/\/allylatinx.com\/es\/new-un-convention-on-cybercrime\/","title":{"rendered":"Nueva Convenci\u00f3n de las Naciones Unidas sobre la Ciberdelincuencia"},"content":{"rendered":"<p>La Asamblea General de las Naciones Unidas ha adoptado la Convenci\u00f3n para combatir los usos delictivos de las tecnolog\u00edas de la informaci\u00f3n y las comunicaciones.<\/p>","protected":false},"excerpt":{"rendered":"<p>La Asamblea General de las Naciones Unidas ha adoptado la Convenci\u00f3n para combatir los usos delictivos de las tecnolog\u00edas de la informaci\u00f3n y las comunicaciones.<\/p>","protected":false},"author":1,"featured_media":0,"comment_status":"open","ping_status":"open","sticky":false,"template":"","format":"standard","meta":{"_acf_changed":false,"footnotes":""},"categories":[10],"tags":[],"class_list":["post-1409","post","type-post","status-publish","format-standard","hentry","category-richards-cardinal-tutzer-zabala-zaefferer"],"acf":[],"_links":{"self":[{"href":"https:\/\/allylatinx.com\/es\/wp-json\/wp\/v2\/posts\/1409","targetHints":{"allow":["GET"]}}],"collection":[{"href":"https:\/\/allylatinx.com\/es\/wp-json\/wp\/v2\/posts"}],"about":[{"href":"https:\/\/allylatinx.com\/es\/wp-json\/wp\/v2\/types\/post"}],"author":[{"embeddable":true,"href":"https:\/\/allylatinx.com\/es\/wp-json\/wp\/v2\/users\/1"}],"replies":[{"embeddable":true,"href":"https:\/\/allylatinx.com\/es\/wp-json\/wp\/v2\/comments?post=1409"}],"version-history":[{"count":0,"href":"https:\/\/allylatinx.com\/es\/wp-json\/wp\/v2\/posts\/1409\/revisions"}],"wp:attachment":[{"href":"https:\/\/allylatinx.com\/es\/wp-json\/wp\/v2\/media?parent=1409"}],"wp:term":[{"taxonomy":"category","embeddable":true,"href":"https:\/\/allylatinx.com\/es\/wp-json\/wp\/v2\/categories?post=1409"},{"taxonomy":"post_tag","embeddable":true,"href":"https:\/\/allylatinx.com\/es\/wp-json\/wp\/v2\/tags?post=1409"}],"curies":[{"name":"gracias","href":"https:\/\/api.w.org\/{rel}","templated":true}]}}