{"id":1031,"date":"2023-05-12T14:09:34","date_gmt":"2023-05-12T14:09:34","guid":{"rendered":"https:\/\/allylatinx.com\/?p=1031"},"modified":"2024-09-17T08:17:12","modified_gmt":"2024-09-17T08:17:12","slug":"bcra-continues-to-adjust-the-exchange-stocks","status":"publish","type":"post","link":"https:\/\/allylatinx.com\/es\/bcra-continues-to-adjust-the-exchange-stocks\/","title":{"rendered":"BCRA contin\u00faa ajustando la bolsa de valores"},"content":{"rendered":"<p>El 11\/05\/23, a trav\u00e9s de la Comunicaci\u00f3n \u201cA\u201d 7766 del BCRA, se reajustaron las restricciones a la salida de fondos a trav\u00e9s del mercado cambiario (\u201cMLC\u201d). <a href=\"https:\/\/rctzz.com.ar\/bcra-sigue-ajustando-el-cepo-cambiario\/\" target=\"_blank\" rel=\"noopener\">M\u00c1S<\/a><\/p>","protected":false},"excerpt":{"rendered":"<p>El 11\/5\/23, mediante la Comunicaci\u00f3n \u201cA\u201d 7766 del BCRA, se ajustaron a\u00fan m\u00e1s las restricciones a la salida de fondos a trav\u00e9s del mercado de cambios (\u201cMLC\u201d). M\u00c1S<\/p>","protected":false},"author":1,"featured_media":0,"comment_status":"open","ping_status":"open","sticky":false,"template":"","format":"standard","meta":{"_acf_changed":false,"footnotes":""},"categories":[10],"tags":[],"class_list":["post-1031","post","type-post","status-publish","format-standard","hentry","category-richards-cardinal-tutzer-zabala-zaefferer"],"acf":[],"_links":{"self":[{"href":"https:\/\/allylatinx.com\/es\/wp-json\/wp\/v2\/posts\/1031","targetHints":{"allow":["GET"]}}],"collection":[{"href":"https:\/\/allylatinx.com\/es\/wp-json\/wp\/v2\/posts"}],"about":[{"href":"https:\/\/allylatinx.com\/es\/wp-json\/wp\/v2\/types\/post"}],"author":[{"embeddable":true,"href":"https:\/\/allylatinx.com\/es\/wp-json\/wp\/v2\/users\/1"}],"replies":[{"embeddable":true,"href":"https:\/\/allylatinx.com\/es\/wp-json\/wp\/v2\/comments?post=1031"}],"version-history":[{"count":0,"href":"https:\/\/allylatinx.com\/es\/wp-json\/wp\/v2\/posts\/1031\/revisions"}],"wp:attachment":[{"href":"https:\/\/allylatinx.com\/es\/wp-json\/wp\/v2\/media?parent=1031"}],"wp:term":[{"taxonomy":"category","embeddable":true,"href":"https:\/\/allylatinx.com\/es\/wp-json\/wp\/v2\/categories?post=1031"},{"taxonomy":"post_tag","embeddable":true,"href":"https:\/\/allylatinx.com\/es\/wp-json\/wp\/v2\/tags?post=1031"}],"curies":[{"name":"gracias","href":"https:\/\/api.w.org\/{rel}","templated":true}]}}